{"id":874,"date":"2024-04-13T15:26:42","date_gmt":"2024-04-13T15:26:42","guid":{"rendered":"https:\/\/imagenesgeograficas.com\/new\/?p=874"},"modified":"2024-04-13T15:26:42","modified_gmt":"2024-04-13T15:26:42","slug":"10-expo-internacional-san-juan-minera","status":"publish","type":"post","link":"https:\/\/imagenesgeograficas.com\/new\/2024\/04\/13\/10-expo-internacional-san-juan-minera\/","title":{"rendered":"10\u00b0 Expo Internacional San Juan Minera"},"content":{"rendered":"\n<p>La &#8220;Exposici\u00f3n Internacional: San Juan, Factor de Desarrollo de la Miner\u00eda Argentina&#8221;, tambi\u00e9n conocida como &#8220;Expo San Juan Minera&#8221;, fue fundada en 2006 con el objetivo de convertirse en la exposici\u00f3n m\u00e1s representativa y federal de la actividad minera argentina. Celebrada de forma bienal en la provincia de San Juan, esta exposici\u00f3n oficia como uno de los puntos de encuentro centrales para la industria, convocando a partes interesadas y las empresas de miner\u00eda de mayor relevancia en el pa\u00eds.<\/p>\n\n\n\n<p>Adem\u00e1s de ser una feria comercial con una amplia exposici\u00f3n de stands en los que se ofrecen productos, servicios e innovaciones para la industria minera, este evento brinda una plataforma din\u00e1mica de charlas informativas, conferencias y encuentros especializados, donde expertos y l\u00edderes del sector comparten ideas y presentan las tendencias emergentes de la actividad en la regi\u00f3n. Asimismo, Expo San Juan Minera fomenta la participaci\u00f3n de empresas en rondas de negocios y reuniones comerciales, brindando valiosas oportunidades para establecer relaciones estrat\u00e9gicas y promover el crecimiento de la miner\u00eda.<\/p>\n","protected":false},"excerpt":{"rendered":"<p>La &#8220;Exposici\u00f3n Internacional: San Juan, Factor de Desarrollo de la Miner\u00eda Argentina&#8221;, tambi\u00e9n conocida como &#8220;Expo San Juan Minera&#8221;, fue fundada en 2006 con el objetivo de convertirse en la exposici\u00f3n m\u00e1s representativa y federal de la actividad minera argentina. Celebrada de forma bienal en la provincia de San Juan, esta exposici\u00f3n oficia como uno [&hellip;]<\/p>\n","protected":false},"author":1,"featured_media":875,"comment_status":"open","ping_status":"open","sticky":false,"template":"","format":"standard","meta":{"_et_pb_use_builder":"","_et_pb_old_content":"","_et_gb_content_width":"","footnotes":""},"categories":[1],"tags":[],"class_list":["post-874","post","type-post","status-publish","format-standard","has-post-thumbnail","hentry","category-uncategorized"],"_links":{"self":[{"href":"https:\/\/imagenesgeograficas.com\/new\/wp-json\/wp\/v2\/posts\/874","targetHints":{"allow":["GET"]}}],"collection":[{"href":"https:\/\/imagenesgeograficas.com\/new\/wp-json\/wp\/v2\/posts"}],"about":[{"href":"https:\/\/imagenesgeograficas.com\/new\/wp-json\/wp\/v2\/types\/post"}],"author":[{"embeddable":true,"href":"https:\/\/imagenesgeograficas.com\/new\/wp-json\/wp\/v2\/users\/1"}],"replies":[{"embeddable":true,"href":"https:\/\/imagenesgeograficas.com\/new\/wp-json\/wp\/v2\/comments?post=874"}],"version-history":[{"count":1,"href":"https:\/\/imagenesgeograficas.com\/new\/wp-json\/wp\/v2\/posts\/874\/revisions"}],"predecessor-version":[{"id":876,"href":"https:\/\/imagenesgeograficas.com\/new\/wp-json\/wp\/v2\/posts\/874\/revisions\/876"}],"wp:featuredmedia":[{"embeddable":true,"href":"https:\/\/imagenesgeograficas.com\/new\/wp-json\/wp\/v2\/media\/875"}],"wp:attachment":[{"href":"https:\/\/imagenesgeograficas.com\/new\/wp-json\/wp\/v2\/media?parent=874"}],"wp:term":[{"taxonomy":"category","embeddable":true,"href":"https:\/\/imagenesgeograficas.com\/new\/wp-json\/wp\/v2\/categories?post=874"},{"taxonomy":"post_tag","embeddable":true,"href":"https:\/\/imagenesgeograficas.com\/new\/wp-json\/wp\/v2\/tags?post=874"}],"curies":[{"name":"wp","href":"https:\/\/api.w.org\/{rel}","templated":true}]}}